{"id":23236,"date":"2026-04-29T12:12:04","date_gmt":"2026-04-29T16:12:04","guid":{"rendered":"https:\/\/www.atscontainers.com\/?p=23236"},"modified":"2026-04-29T16:54:30","modified_gmt":"2026-04-29T20:54:30","slug":"decouvrez-les-partenaires-derriere-le-nouveau-siege-social-de-conteneurs-ats-a-montreal","status":"publish","type":"post","link":"https:\/\/www.atscontainers.com\/fr\/siege-social-conteneurs-ats\/","title":{"rendered":"D\u00e9couvrez les partenaires derri\u00e8re le nouveau si\u00e8ge social de Conteneurs ATS \u00e0 Montr\u00e9al"},"content":{"rendered":"<p>En tant qu\u2019entreprise familiale fi\u00e8rement canadienne, Conteneurs ATS a franchi une \u00e9tape importante avec la r\u00e9alisation de son nouveau si\u00e8ge social de 18 000 pieds carr\u00e9s \u00e0 Montr\u00e9al. Ce projet repr\u00e9sente bien plus qu\u2019une simple croissance d\u2019entreprise. Il t\u00e9moigne de la force de la collaboration locale.<\/p>\n<p>Pour concr\u00e9tiser notre vision d\u2019un espace de bureau moderne, efficace et adapt\u00e9 \u00e0 nos activit\u00e9s dans l\u2019industrie du conteneur, nous avons travaill\u00e9 avec plusieurs partenaires de confiance sp\u00e9cialis\u00e9s en construction commerciale \u00e0 Montr\u00e9al. Chaque partenaire a apport\u00e9 une expertise pr\u00e9cise au projet, ce qui nous a permis de cr\u00e9er un si\u00e8ge social qui refl\u00e8te les m\u00eames standards de qualit\u00e9 que ceux que nous offrons comme entreprise de conteneurs maritimes au Canada.<\/p>\n<h2>ZZA Architectes : conception de b\u00e2timent industriel \u00e0 Montr\u00e9al<\/h2>\n<p>La r\u00e9ussite d\u2019un projet de construction \u00e0 Montr\u00e9al commence par une conception r\u00e9fl\u00e9chie. Nous avons collabor\u00e9 avec <a href=\"https:\/\/zza-architectes.com\/batiments-commerciaux\/siege-social-de-conteneurs-ats\/\">ZZA Architectes<\/a>, une firme reconnue depuis 2000 pour son approche qui combine cr\u00e9ativit\u00e9, fonctionnalit\u00e9 et solutions concr\u00e8tes.<\/p>\n<p>Sp\u00e9cialis\u00e9e en conception de b\u00e2timents industriels \u00e0 Montr\u00e9al, l\u2019\u00e9quipe de ZZA nous a aid\u00e9s \u00e0 imaginer un b\u00e2timent de trois \u00e9tages situ\u00e9 pr\u00e8s du canal de Lachine. Le concept allie une esth\u00e9tique haut de gamme \u00e0 une fonctionnalit\u00e9 adapt\u00e9e \u00e0 un environnement industriel. Gr\u00e2ce \u00e0 leur expertise, notre si\u00e8ge social offre \u00e0 la fois un espace de travail moderne et une architecture qui refl\u00e8te les racines profondes de notre marque dans l\u2019industrie du conteneur maritime.<\/p>\n<p><img loading=\"lazy\" decoding=\"async\" class=\"lazyload alignnone wp-image-23321 size-full lazyload\" alt=\"ZZA Architectes, partenaire montr\u00e9alais ayant particip\u00e9 \u00e0 la conception du si\u00e8ge social de Conteneurs ATS.\" width=\"1620\" height=\"540\" sizes=\"auto, (max-width: 1620px) 100vw, 1620px\" data-src=\"https:\/\/www.atscontainers.com\/wp-content\/uploads\/2026\/04\/ZZA-Architectes-.webp\" data-srcset=\"https:\/\/www.atscontainers.com\/wp-content\/uploads\/2026\/04\/ZZA-Architectes-.webp 1620w, https:\/\/www.atscontainers.com\/wp-content\/uploads\/2026\/04\/ZZA-Architectes--300x100.webp 300w, https:\/\/www.atscontainers.com\/wp-content\/uploads\/2026\/04\/ZZA-Architectes--1024x341.webp 1024w, https:\/\/www.atscontainers.com\/wp-content\/uploads\/2026\/04\/ZZA-Architectes--768x256.webp 768w, https:\/\/www.atscontainers.com\/wp-content\/uploads\/2026\/04\/ZZA-Architectes--1536x512.webp 1536w\"><\/p>\n<h2>SINA Construction : concr\u00e9tiser la vision<\/h2>\n<p>Pour donner vie au nouveau si\u00e8ge social de Conteneurs ATS, nous avons fait appel \u00e0 <a href=\"https:\/\/www.sina.ca\/\">SINA<\/a>, un leader en d\u00e9veloppement immobilier et en construction \u00e0 Montr\u00e9al. SINA a livr\u00e9 un service cl\u00e9 en main de grande qualit\u00e9, transformant notre site situ\u00e9 dans le secteur industriel historique pr\u00e8s du canal de Lachine en un b\u00e2timent moderne et performant.<\/p>\n<p>Ce si\u00e8ge social de trois \u00e9tages, d\u2019une superficie d\u2019environ 18 000 pieds carr\u00e9s, a \u00e9t\u00e9 con\u00e7u avec soin afin d\u2019\u00e9quilibrer l\u2019efficacit\u00e9 op\u00e9rationnelle et le bien-\u00eatre des employ\u00e9s. De la planification initiale \u00e0 l\u2019ex\u00e9cution finale, l\u2019\u00e9quipe de SINA a g\u00e9r\u00e9 ce projet de construction commerciale avec rigueur, tout en maintenant des standards de qualit\u00e9 \u00e9lev\u00e9s \u00e0 chaque \u00e9tape.<\/p>\n<h2>Navada : syst\u00e8mes CVAC pour b\u00e2timents commerciaux<\/h2>\n<p><a href=\"https:\/\/navada.com\/fr\/projets\">Navada<\/a> a jou\u00e9 un r\u00f4le essentiel dans la conception des infrastructures de base du nouveau si\u00e8ge social de Conteneurs ATS. En tant que chef de file en syst\u00e8mes m\u00e9caniques int\u00e9gr\u00e9s, son \u00e9quipe a dirig\u00e9 l\u2019installation de nos syst\u00e8mes CVAC haute performance, de la distribution \u00e9lectrique et de la plomberie. En misant sur la performance intelligente du b\u00e2timent et sur des solutions avanc\u00e9es de traitement de l\u2019air, Navada a contribu\u00e9 \u00e0 faire en sorte que notre installation de 18 000 pieds carr\u00e9s fonctionne avec une efficacit\u00e9 \u00e9nerg\u00e9tique maximale. Du contr\u00f4le pr\u00e9cis de la temp\u00e9rature \u00e0 l\u2019int\u00e9gration \u00e9lectrique robuste, son expertise constitue la base d\u2019un environnement de travail qui privil\u00e9gie \u00e0 la fois la responsabilit\u00e9 environnementale et la fiabilit\u00e9 \u00e0 long terme.<\/p>\n<h2>C&amp;M Textiles : solutions avanc\u00e9es d\u2019ombrage et de confort<\/h2>\n<p>Un espace de travail productif doit trouver le bon \u00e9quilibre entre lumi\u00e8re naturelle et contr\u00f4le de l\u2019\u00e9blouissement. <a href=\"https:\/\/cmtextiles.com\/fr\">C&amp;M Textiles<\/a> a jou\u00e9 un r\u00f4le important dans l\u2019optimisation de notre environnement int\u00e9rieur en fournissant et en installant des stores manuels et motoris\u00e9s.<\/p>\n<p>Dans un bureau dynamique o\u00f9 notre \u00e9quipe passe une grande partie de la journ\u00e9e \u00e0 l\u2019ordinateur pour coordonner la vente et la location de conteneurs maritimes, la gestion de la lumi\u00e8re naturelle devient essentielle. Elle aide \u00e0 r\u00e9duire la fatigue visuelle et \u00e0 am\u00e9liorer le confort au quotidien. Les solutions d\u2019ombrage durables et de grande qualit\u00e9 de C&amp;M Textiles nous permettent de profiter de la vue sur Montr\u00e9al tout en maintenant un espace de travail fonctionnel, confortable et sans reflets excessifs.<\/p>\n<p><img loading=\"lazy\" decoding=\"async\" class=\"lazyload alignnone wp-image-23339 size-full lazyload\" alt=\"C&amp;M Textiles, partenaire ayant r\u00e9alis\u00e9 les stores et habillages de fen\u00eatres du si\u00e8ge social de Conteneurs ATS.\" width=\"2560\" height=\"853\" sizes=\"auto, (max-width: 2560px) 100vw, 2560px\" data-src=\"https:\/\/www.atscontainers.com\/wp-content\/uploads\/2026\/04\/North-of-60-Blog-photos-1-1-scaled.webp\" data-srcset=\"https:\/\/www.atscontainers.com\/wp-content\/uploads\/2026\/04\/North-of-60-Blog-photos-1-1-scaled.webp 2560w, https:\/\/www.atscontainers.com\/wp-content\/uploads\/2026\/04\/North-of-60-Blog-photos-1-1-300x100.webp 300w, https:\/\/www.atscontainers.com\/wp-content\/uploads\/2026\/04\/North-of-60-Blog-photos-1-1-1024x341.webp 1024w, https:\/\/www.atscontainers.com\/wp-content\/uploads\/2026\/04\/North-of-60-Blog-photos-1-1-768x256.webp 768w, https:\/\/www.atscontainers.com\/wp-content\/uploads\/2026\/04\/North-of-60-Blog-photos-1-1-1536x512.webp 1536w, https:\/\/www.atscontainers.com\/wp-content\/uploads\/2026\/04\/North-of-60-Blog-photos-1-1-2048x683.webp 2048w\"><\/p>\n<h2>Montr\u00e9al N\u00e9on : image de marque et identit\u00e9 visuelle<\/h2>\n<p>La touche finale pour affirmer notre pr\u00e9sence locale a \u00e9t\u00e9 l\u2019installation de notre image de marque sur le b\u00e2timent. Nous avons choisi <a href=\"https:\/\/www.montrealneon.com\/fr\/\">Montr\u00e9al N\u00e9on<\/a> pour la fabrication et l\u2019installation de notre enseigne ext\u00e9rieure et de notre logo.<\/p>\n<p>Reconnue pour la qualit\u00e9 de son travail et pour l\u2019impact visuel de ses r\u00e9alisations, l\u2019\u00e9quipe de Montr\u00e9al N\u00e9on a livr\u00e9 une enseigne claire, professionnelle et bien visible, qui d\u00e9finit maintenant la fa\u00e7ade de notre bureau de Montr\u00e9al. Cette collaboration permet \u00e0 la marque Conteneurs ATS d\u2019\u00eatre repr\u00e9sent\u00e9e avec clart\u00e9 et professionnalisme, tout en renfor\u00e7ant notre position dans le paysage industriel canadien.<\/p>\n<h2><img loading=\"lazy\" decoding=\"async\" class=\"lazyload alignnone wp-image-23325 size-full lazyload\" style=\"font-size: 16px;\" alt=\"Logo de Conteneurs ATS sur la fa\u00e7ade du bureau chef de l\u2019entreprise \u00e0 Montr\u00e9al.\" width=\"1386\" height=\"347\" sizes=\"auto, (max-width: 1386px) 100vw, 1386px\" data-src=\"https:\/\/www.atscontainers.com\/wp-content\/uploads\/2026\/04\/conteneurs-ATS-lbanniere.webp\" data-srcset=\"https:\/\/www.atscontainers.com\/wp-content\/uploads\/2026\/04\/conteneurs-ATS-lbanniere.webp 1386w, https:\/\/www.atscontainers.com\/wp-content\/uploads\/2026\/04\/conteneurs-ATS-lbanniere-300x75.webp 300w, https:\/\/www.atscontainers.com\/wp-content\/uploads\/2026\/04\/conteneurs-ATS-lbanniere-1024x256.webp 1024w, https:\/\/www.atscontainers.com\/wp-content\/uploads\/2026\/04\/conteneurs-ATS-lbanniere-768x192.webp 768w\"><\/h2>\n<h2>Affari : am\u00e9nager les bases de notre r\u00e9ussite au travail<\/h2>\n<p>Un excellent bureau se d\u00e9finit d\u2019abord par les personnes qui l\u2019occupent, et Affari a contribu\u00e9 \u00e0 cr\u00e9er les bases du succ\u00e8s quotidien de notre \u00e9quipe. Des bureaux ergonomiques aux chaises de travail, en passant par le mobilier de notre caf\u00e9t\u00e9ria et nos solutions de rangement, leurs produits font partie int\u00e9grante de notre espace de travail depuis le premier jour.<\/p>\n<p>Trois ans apr\u00e8s notre arriv\u00e9e au si\u00e8ge social de Montr\u00e9al, nous sommes toujours tr\u00e8s satisfaits de la qualit\u00e9 et de la durabilit\u00e9 de leur mobilier. Affari n\u2019a pas simplement fourni des meubles. L\u2019entreprise a livr\u00e9 des solutions fonctionnelles et durables qui soutiennent notre culture collaborative ainsi que le bien-\u00eatre de chaque employ\u00e9 de Conteneurs ATS.<\/p>\n<p><img loading=\"lazy\" decoding=\"async\" class=\"lazyload alignnone wp-image-23327 size-full lazyload\" alt=\"Bureaux de Conteneurs ATS dans le nouveau si\u00e8ge social de l\u2019entreprise \u00e0 Montr\u00e9al.\" width=\"1620\" height=\"540\" sizes=\"auto, (max-width: 1620px) 100vw, 1620px\" data-src=\"https:\/\/www.atscontainers.com\/wp-content\/uploads\/2026\/04\/bureau-Conteneurs-ATS.webp\" data-srcset=\"https:\/\/www.atscontainers.com\/wp-content\/uploads\/2026\/04\/bureau-Conteneurs-ATS.webp 1620w, https:\/\/www.atscontainers.com\/wp-content\/uploads\/2026\/04\/bureau-Conteneurs-ATS-300x100.webp 300w, https:\/\/www.atscontainers.com\/wp-content\/uploads\/2026\/04\/bureau-Conteneurs-ATS-1024x341.webp 1024w, https:\/\/www.atscontainers.com\/wp-content\/uploads\/2026\/04\/bureau-Conteneurs-ATS-768x256.webp 768w, https:\/\/www.atscontainers.com\/wp-content\/uploads\/2026\/04\/bureau-Conteneurs-ATS-1536x512.webp 1536w\"><\/p>\n<h2>Un engagement envers la qualit\u00e9 et l\u2019expertise locale<\/h2>\n<p>La r\u00e9alisation du si\u00e8ge social de <a href=\"https:\/\/www.atscontainers.com\/fr\/a-propos\/\">Conteneurs ATS<\/a> a \u00e9t\u00e9 rendue possible gr\u00e2ce \u00e0 la collaboration de partenaires montr\u00e9alais sp\u00e9cialis\u00e9s et engag\u00e9s. En combinant innovation architecturale, expertise en construction, solutions techniques et attention aux d\u00e9tails, nous avons cr\u00e9\u00e9 un b\u00e2timent qui refl\u00e8te la fiabilit\u00e9 des produits et services que nous offrons.<\/p>\n<p>Que vous recherchiez des conteneurs maritimes \u00e0 vendre, des conteneurs en location pour l\u2019entreposage ou des solutions de modification de conteneurs au Canada, Conteneurs ATS demeure engag\u00e9 \u00e0 offrir les m\u00eames standards de qualit\u00e9 que ceux refl\u00e9t\u00e9s dans son nouveau si\u00e8ge social.<\/p>\n<p>D\u00e9couvrez nos solutions de <a href=\"https:\/\/www.atscontainers.com\/fr\/produits\/conteneurs-modifies\/\">conteneurs personnalis\u00e9s<\/a> ou consultez notre <a href=\"https:\/\/www.atscontainers.com\/fr\/prix-conteneurs-maritimes-canada\">guide des prix<\/a> pour voir comment notre expertise peut soutenir votre prochain projet.<\/p>\n","protected":false},"excerpt":{"rendered":"<p>En tant qu\u2019entreprise familiale fi\u00e8rement canadienne, Conteneurs ATS a franchi une \u00e9tape importante avec la r\u00e9alisation de son nouveau si\u00e8ge social de 18 000 pieds carr\u00e9s \u00e0 Montr\u00e9al. Ce projet repr\u00e9sente bien plus qu\u2019une simple croissance d\u2019entreprise. Il t\u00e9moigne de la force de la collaboration locale. Pour concr\u00e9tiser notre vision d\u2019un espace de bureau moderne, [&hellip;]<\/p>\n","protected":false},"author":14,"featured_media":23168,"comment_status":"closed","ping_status":"closed","sticky":false,"template":"","format":"standard","meta":{"_acf_changed":false,"ngg_post_thumbnail":0,"footnotes":""},"categories":[20],"tags":[],"class_list":["post-23236","post","type-post","status-publish","format-standard","has-post-thumbnail","hentry","category-non-classifiee"],"acf":[],"yoast_head":"<!-- This site is optimized with the Yoast SEO plugin v26.9 - https:\/\/yoast.com\/product\/yoast-seo-wordpress\/ -->\n<title>Si\u00e8ge social de Conteneurs ATS \u00e0 Montr\u00e9al \/ Nos partenaires<\/title>\n<meta name=\"description\" content=\"D\u00e9couvrez les partenaires montr\u00e9alais qui ont contribu\u00e9 \u00e0 la r\u00e9alisation du nouveau si\u00e8ge social de Conteneurs ATS \u00e0 Montr\u00e9al.\" \/>\n<meta name=\"robots\" content=\"index, follow, max-snippet:-1, max-image-preview:large, max-video-preview:-1\" \/>\n<link rel=\"canonical\" href=\"https:\/\/www.atscontainers.com\/fr\/siege-social-conteneurs-ats\/\" \/>\n<meta property=\"og:locale\" content=\"fr_CA\" \/>\n<meta property=\"og:type\" content=\"article\" \/>\n<meta property=\"og:title\" content=\"Si\u00e8ge social de Conteneurs ATS \u00e0 Montr\u00e9al \/ Nos partenaires\" \/>\n<meta property=\"og:description\" content=\"D\u00e9couvrez les partenaires montr\u00e9alais qui ont contribu\u00e9 \u00e0 la r\u00e9alisation du nouveau si\u00e8ge social de Conteneurs ATS \u00e0 Montr\u00e9al.\" \/>\n<meta property=\"og:url\" content=\"https:\/\/www.atscontainers.com\/fr\/siege-social-conteneurs-ats\/\" \/>\n<meta property=\"og:site_name\" content=\"ATS Containers\" \/>\n<meta property=\"article:publisher\" content=\"https:\/\/www.facebook.com\/atscontainers\/\" \/>\n<meta property=\"article:published_time\" content=\"2026-04-29T16:12:04+00:00\" \/>\n<meta property=\"article:modified_time\" content=\"2026-04-29T20:54:30+00:00\" \/>\n<meta property=\"og:image\" content=\"https:\/\/www.atscontainers.com\/wp-content\/uploads\/2026\/04\/ATS-Containers-Thanksgiving-IG.webp\" \/>\n\t<meta property=\"og:image:width\" content=\"1080\" \/>\n\t<meta property=\"og:image:height\" content=\"720\" \/>\n\t<meta property=\"og:image:type\" content=\"image\/webp\" \/>\n<meta name=\"author\" content=\"Maxime T\" \/>\n<meta name=\"twitter:card\" content=\"summary_large_image\" \/>\n<meta name=\"twitter:creator\" content=\"@atscontainers\" \/>\n<meta name=\"twitter:site\" content=\"@atscontainers\" \/>\n<meta name=\"twitter:label1\" content=\"\u00c9crit par\" \/>\n\t<meta name=\"twitter:data1\" content=\"Maxime T\" \/>\n\t<meta name=\"twitter:label2\" content=\"Estimation du temps de lecture\" \/>\n\t<meta name=\"twitter:data2\" content=\"6 minutes\" \/>\n<script type=\"application\/ld+json\" class=\"yoast-schema-graph\">{\"@context\":\"https:\/\/schema.org\",\"@graph\":[{\"@type\":\"Article\",\"@id\":\"https:\/\/www.atscontainers.com\/fr\/siege-social-conteneurs-ats\/#article\",\"isPartOf\":{\"@id\":\"https:\/\/www.atscontainers.com\/fr\/siege-social-conteneurs-ats\/\"},\"author\":{\"name\":\"Maxime T\",\"@id\":\"https:\/\/www.atscontainers.com\/fr\/#\/schema\/person\/1875d88b2bd231ce9754159a73b75770\"},\"headline\":\"D\u00e9couvrez les partenaires derri\u00e8re le nouveau si\u00e8ge social de Conteneurs ATS \u00e0 Montr\u00e9al\",\"datePublished\":\"2026-04-29T16:12:04+00:00\",\"dateModified\":\"2026-04-29T20:54:30+00:00\",\"mainEntityOfPage\":{\"@id\":\"https:\/\/www.atscontainers.com\/fr\/siege-social-conteneurs-ats\/\"},\"wordCount\":1109,\"publisher\":{\"@id\":\"https:\/\/www.atscontainers.com\/fr\/#organization\"},\"image\":{\"@id\":\"https:\/\/www.atscontainers.com\/fr\/siege-social-conteneurs-ats\/#primaryimage\"},\"thumbnailUrl\":\"https:\/\/www.atscontainers.com\/wp-content\/uploads\/2026\/04\/ATS-Containers-Thanksgiving-IG.webp\",\"articleSection\":[\"Non classifi\u00e9(e)\"],\"inLanguage\":\"fr-CA\"},{\"@type\":\"WebPage\",\"@id\":\"https:\/\/www.atscontainers.com\/fr\/siege-social-conteneurs-ats\/\",\"url\":\"https:\/\/www.atscontainers.com\/fr\/siege-social-conteneurs-ats\/\",\"name\":\"Si\u00e8ge social de Conteneurs ATS \u00e0 Montr\u00e9al \/ Nos partenaires\",\"isPartOf\":{\"@id\":\"https:\/\/www.atscontainers.com\/fr\/#website\"},\"primaryImageOfPage\":{\"@id\":\"https:\/\/www.atscontainers.com\/fr\/siege-social-conteneurs-ats\/#primaryimage\"},\"image\":{\"@id\":\"https:\/\/www.atscontainers.com\/fr\/siege-social-conteneurs-ats\/#primaryimage\"},\"thumbnailUrl\":\"https:\/\/www.atscontainers.com\/wp-content\/uploads\/2026\/04\/ATS-Containers-Thanksgiving-IG.webp\",\"datePublished\":\"2026-04-29T16:12:04+00:00\",\"dateModified\":\"2026-04-29T20:54:30+00:00\",\"description\":\"D\u00e9couvrez les partenaires montr\u00e9alais qui ont contribu\u00e9 \u00e0 la r\u00e9alisation du nouveau si\u00e8ge social de Conteneurs ATS \u00e0 Montr\u00e9al.\",\"breadcrumb\":{\"@id\":\"https:\/\/www.atscontainers.com\/fr\/siege-social-conteneurs-ats\/#breadcrumb\"},\"inLanguage\":\"fr-CA\",\"potentialAction\":[{\"@type\":\"ReadAction\",\"target\":[\"https:\/\/www.atscontainers.com\/fr\/siege-social-conteneurs-ats\/\"]}]},{\"@type\":\"ImageObject\",\"inLanguage\":\"fr-CA\",\"@id\":\"https:\/\/www.atscontainers.com\/fr\/siege-social-conteneurs-ats\/#primaryimage\",\"url\":\"https:\/\/www.atscontainers.com\/wp-content\/uploads\/2026\/04\/ATS-Containers-Thanksgiving-IG.webp\",\"contentUrl\":\"https:\/\/www.atscontainers.com\/wp-content\/uploads\/2026\/04\/ATS-Containers-Thanksgiving-IG.webp\",\"width\":1080,\"height\":720,\"caption\":\"ATS Containers new Montreal headquarters building with branded company logo\"},{\"@type\":\"BreadcrumbList\",\"@id\":\"https:\/\/www.atscontainers.com\/fr\/siege-social-conteneurs-ats\/#breadcrumb\",\"itemListElement\":[{\"@type\":\"ListItem\",\"position\":1,\"name\":\"Home\",\"item\":\"https:\/\/www.atscontainers.com\/fr\/\"},{\"@type\":\"ListItem\",\"position\":2,\"name\":\"D\u00e9couvrez les partenaires derri\u00e8re le nouveau si\u00e8ge social de Conteneurs ATS \u00e0 Montr\u00e9al\"}]},{\"@type\":\"WebSite\",\"@id\":\"https:\/\/www.atscontainers.com\/fr\/#website\",\"url\":\"https:\/\/www.atscontainers.com\/fr\/\",\"name\":\"ATS Containers\",\"description\":\"\",\"publisher\":{\"@id\":\"https:\/\/www.atscontainers.com\/fr\/#organization\"},\"potentialAction\":[{\"@type\":\"SearchAction\",\"target\":{\"@type\":\"EntryPoint\",\"urlTemplate\":\"https:\/\/www.atscontainers.com\/fr\/?s={search_term_string}\"},\"query-input\":{\"@type\":\"PropertyValueSpecification\",\"valueRequired\":true,\"valueName\":\"search_term_string\"}}],\"inLanguage\":\"fr-CA\"},{\"@type\":\"Organization\",\"@id\":\"https:\/\/www.atscontainers.com\/fr\/#organization\",\"name\":\"ATS Containers\",\"url\":\"https:\/\/www.atscontainers.com\/fr\/\",\"logo\":{\"@type\":\"ImageObject\",\"inLanguage\":\"fr-CA\",\"@id\":\"https:\/\/www.atscontainers.com\/fr\/#\/schema\/logo\/image\/\",\"url\":\"https:\/\/www.atscontainers.com\/wp-content\/uploads\/2018\/09\/ats-containers-canada_.png\",\"contentUrl\":\"https:\/\/www.atscontainers.com\/wp-content\/uploads\/2018\/09\/ats-containers-canada_.png\",\"width\":500,\"height\":500,\"caption\":\"ATS Containers\"},\"image\":{\"@id\":\"https:\/\/www.atscontainers.com\/fr\/#\/schema\/logo\/image\/\"},\"sameAs\":[\"https:\/\/www.facebook.com\/atscontainers\/\",\"https:\/\/x.com\/atscontainers\",\"https:\/\/www.instagram.com\/atscontainers\/\",\"https:\/\/www.linkedin.com\/company\/ats-container-services\/\"]},{\"@type\":\"Person\",\"@id\":\"https:\/\/www.atscontainers.com\/fr\/#\/schema\/person\/1875d88b2bd231ce9754159a73b75770\",\"name\":\"Maxime T\",\"image\":{\"@type\":\"ImageObject\",\"inLanguage\":\"fr-CA\",\"@id\":\"https:\/\/www.atscontainers.com\/fr\/#\/schema\/person\/image\/\",\"url\":\"https:\/\/secure.gravatar.com\/avatar\/ad2b93497f48aa6cf1d66f8109e37eaa52aea1b7a026eb09c793bc83f7b0915e?s=96&d=mm&r=g\",\"contentUrl\":\"https:\/\/secure.gravatar.com\/avatar\/ad2b93497f48aa6cf1d66f8109e37eaa52aea1b7a026eb09c793bc83f7b0915e?s=96&d=mm&r=g\",\"caption\":\"Maxime T\"}}]}<\/script>\n<!-- \/ Yoast SEO plugin. -->","yoast_head_json":{"title":"Si\u00e8ge social de Conteneurs ATS \u00e0 Montr\u00e9al \/ Nos partenaires","description":"D\u00e9couvrez les partenaires montr\u00e9alais qui ont contribu\u00e9 \u00e0 la r\u00e9alisation du nouveau si\u00e8ge social de Conteneurs ATS \u00e0 Montr\u00e9al.","robots":{"index":"index","follow":"follow","max-snippet":"max-snippet:-1","max-image-preview":"max-image-preview:large","max-video-preview":"max-video-preview:-1"},"canonical":"https:\/\/www.atscontainers.com\/fr\/siege-social-conteneurs-ats\/","og_locale":"fr_CA","og_type":"article","og_title":"Si\u00e8ge social de Conteneurs ATS \u00e0 Montr\u00e9al \/ Nos partenaires","og_description":"D\u00e9couvrez les partenaires montr\u00e9alais qui ont contribu\u00e9 \u00e0 la r\u00e9alisation du nouveau si\u00e8ge social de Conteneurs ATS \u00e0 Montr\u00e9al.","og_url":"https:\/\/www.atscontainers.com\/fr\/siege-social-conteneurs-ats\/","og_site_name":"ATS Containers","article_publisher":"https:\/\/www.facebook.com\/atscontainers\/","article_published_time":"2026-04-29T16:12:04+00:00","article_modified_time":"2026-04-29T20:54:30+00:00","og_image":[{"width":1080,"height":720,"url":"https:\/\/www.atscontainers.com\/wp-content\/uploads\/2026\/04\/ATS-Containers-Thanksgiving-IG.webp","type":"image\/webp"}],"author":"Maxime T","twitter_card":"summary_large_image","twitter_creator":"@atscontainers","twitter_site":"@atscontainers","twitter_misc":{"\u00c9crit par":"Maxime T","Estimation du temps de lecture":"6 minutes"},"schema":{"@context":"https:\/\/schema.org","@graph":[{"@type":"Article","@id":"https:\/\/www.atscontainers.com\/fr\/siege-social-conteneurs-ats\/#article","isPartOf":{"@id":"https:\/\/www.atscontainers.com\/fr\/siege-social-conteneurs-ats\/"},"author":{"name":"Maxime T","@id":"https:\/\/www.atscontainers.com\/fr\/#\/schema\/person\/1875d88b2bd231ce9754159a73b75770"},"headline":"D\u00e9couvrez les partenaires derri\u00e8re le nouveau si\u00e8ge social de Conteneurs ATS \u00e0 Montr\u00e9al","datePublished":"2026-04-29T16:12:04+00:00","dateModified":"2026-04-29T20:54:30+00:00","mainEntityOfPage":{"@id":"https:\/\/www.atscontainers.com\/fr\/siege-social-conteneurs-ats\/"},"wordCount":1109,"publisher":{"@id":"https:\/\/www.atscontainers.com\/fr\/#organization"},"image":{"@id":"https:\/\/www.atscontainers.com\/fr\/siege-social-conteneurs-ats\/#primaryimage"},"thumbnailUrl":"https:\/\/www.atscontainers.com\/wp-content\/uploads\/2026\/04\/ATS-Containers-Thanksgiving-IG.webp","articleSection":["Non classifi\u00e9(e)"],"inLanguage":"fr-CA"},{"@type":"WebPage","@id":"https:\/\/www.atscontainers.com\/fr\/siege-social-conteneurs-ats\/","url":"https:\/\/www.atscontainers.com\/fr\/siege-social-conteneurs-ats\/","name":"Si\u00e8ge social de Conteneurs ATS \u00e0 Montr\u00e9al \/ Nos partenaires","isPartOf":{"@id":"https:\/\/www.atscontainers.com\/fr\/#website"},"primaryImageOfPage":{"@id":"https:\/\/www.atscontainers.com\/fr\/siege-social-conteneurs-ats\/#primaryimage"},"image":{"@id":"https:\/\/www.atscontainers.com\/fr\/siege-social-conteneurs-ats\/#primaryimage"},"thumbnailUrl":"https:\/\/www.atscontainers.com\/wp-content\/uploads\/2026\/04\/ATS-Containers-Thanksgiving-IG.webp","datePublished":"2026-04-29T16:12:04+00:00","dateModified":"2026-04-29T20:54:30+00:00","description":"D\u00e9couvrez les partenaires montr\u00e9alais qui ont contribu\u00e9 \u00e0 la r\u00e9alisation du nouveau si\u00e8ge social de Conteneurs ATS \u00e0 Montr\u00e9al.","breadcrumb":{"@id":"https:\/\/www.atscontainers.com\/fr\/siege-social-conteneurs-ats\/#breadcrumb"},"inLanguage":"fr-CA","potentialAction":[{"@type":"ReadAction","target":["https:\/\/www.atscontainers.com\/fr\/siege-social-conteneurs-ats\/"]}]},{"@type":"ImageObject","inLanguage":"fr-CA","@id":"https:\/\/www.atscontainers.com\/fr\/siege-social-conteneurs-ats\/#primaryimage","url":"https:\/\/www.atscontainers.com\/wp-content\/uploads\/2026\/04\/ATS-Containers-Thanksgiving-IG.webp","contentUrl":"https:\/\/www.atscontainers.com\/wp-content\/uploads\/2026\/04\/ATS-Containers-Thanksgiving-IG.webp","width":1080,"height":720,"caption":"ATS Containers new Montreal headquarters building with branded company logo"},{"@type":"BreadcrumbList","@id":"https:\/\/www.atscontainers.com\/fr\/siege-social-conteneurs-ats\/#breadcrumb","itemListElement":[{"@type":"ListItem","position":1,"name":"Home","item":"https:\/\/www.atscontainers.com\/fr\/"},{"@type":"ListItem","position":2,"name":"D\u00e9couvrez les partenaires derri\u00e8re le nouveau si\u00e8ge social de Conteneurs ATS \u00e0 Montr\u00e9al"}]},{"@type":"WebSite","@id":"https:\/\/www.atscontainers.com\/fr\/#website","url":"https:\/\/www.atscontainers.com\/fr\/","name":"ATS Containers","description":"","publisher":{"@id":"https:\/\/www.atscontainers.com\/fr\/#organization"},"potentialAction":[{"@type":"SearchAction","target":{"@type":"EntryPoint","urlTemplate":"https:\/\/www.atscontainers.com\/fr\/?s={search_term_string}"},"query-input":{"@type":"PropertyValueSpecification","valueRequired":true,"valueName":"search_term_string"}}],"inLanguage":"fr-CA"},{"@type":"Organization","@id":"https:\/\/www.atscontainers.com\/fr\/#organization","name":"ATS Containers","url":"https:\/\/www.atscontainers.com\/fr\/","logo":{"@type":"ImageObject","inLanguage":"fr-CA","@id":"https:\/\/www.atscontainers.com\/fr\/#\/schema\/logo\/image\/","url":"https:\/\/www.atscontainers.com\/wp-content\/uploads\/2018\/09\/ats-containers-canada_.png","contentUrl":"https:\/\/www.atscontainers.com\/wp-content\/uploads\/2018\/09\/ats-containers-canada_.png","width":500,"height":500,"caption":"ATS Containers"},"image":{"@id":"https:\/\/www.atscontainers.com\/fr\/#\/schema\/logo\/image\/"},"sameAs":["https:\/\/www.facebook.com\/atscontainers\/","https:\/\/x.com\/atscontainers","https:\/\/www.instagram.com\/atscontainers\/","https:\/\/www.linkedin.com\/company\/ats-container-services\/"]},{"@type":"Person","@id":"https:\/\/www.atscontainers.com\/fr\/#\/schema\/person\/1875d88b2bd231ce9754159a73b75770","name":"Maxime T","image":{"@type":"ImageObject","inLanguage":"fr-CA","@id":"https:\/\/www.atscontainers.com\/fr\/#\/schema\/person\/image\/","url":"https:\/\/secure.gravatar.com\/avatar\/ad2b93497f48aa6cf1d66f8109e37eaa52aea1b7a026eb09c793bc83f7b0915e?s=96&d=mm&r=g","contentUrl":"https:\/\/secure.gravatar.com\/avatar\/ad2b93497f48aa6cf1d66f8109e37eaa52aea1b7a026eb09c793bc83f7b0915e?s=96&d=mm&r=g","caption":"Maxime T"}}]}},"_links":{"self":[{"href":"https:\/\/www.atscontainers.com\/fr\/wp-json\/wp\/v2\/posts\/23236","targetHints":{"allow":["GET"]}}],"collection":[{"href":"https:\/\/www.atscontainers.com\/fr\/wp-json\/wp\/v2\/posts"}],"about":[{"href":"https:\/\/www.atscontainers.com\/fr\/wp-json\/wp\/v2\/types\/post"}],"author":[{"embeddable":true,"href":"https:\/\/www.atscontainers.com\/fr\/wp-json\/wp\/v2\/users\/14"}],"replies":[{"embeddable":true,"href":"https:\/\/www.atscontainers.com\/fr\/wp-json\/wp\/v2\/comments?post=23236"}],"version-history":[{"count":6,"href":"https:\/\/www.atscontainers.com\/fr\/wp-json\/wp\/v2\/posts\/23236\/revisions"}],"predecessor-version":[{"id":23375,"href":"https:\/\/www.atscontainers.com\/fr\/wp-json\/wp\/v2\/posts\/23236\/revisions\/23375"}],"wp:featuredmedia":[{"embeddable":true,"href":"https:\/\/www.atscontainers.com\/fr\/wp-json\/wp\/v2\/media\/23168"}],"wp:attachment":[{"href":"https:\/\/www.atscontainers.com\/fr\/wp-json\/wp\/v2\/media?parent=23236"}],"wp:term":[{"taxonomy":"category","embeddable":true,"href":"https:\/\/www.atscontainers.com\/fr\/wp-json\/wp\/v2\/categories?post=23236"},{"taxonomy":"post_tag","embeddable":true,"href":"https:\/\/www.atscontainers.com\/fr\/wp-json\/wp\/v2\/tags?post=23236"}],"curies":[{"name":"wp","href":"https:\/\/api.w.org\/{rel}","templated":true}]}}