{"id":9331,"date":"2022-09-06T05:17:17","date_gmt":"2022-09-06T09:17:17","guid":{"rendered":"https:\/\/www.atscontainers.com\/some-interesting-experiences-involving-our-shipping-containers-in-montreal\/"},"modified":"2026-04-30T12:38:20","modified_gmt":"2026-04-30T16:38:20","slug":"utilisations-creatives-conteneurs-montreal","status":"publish","type":"post","link":"https:\/\/www.atscontainers.com\/fr\/utilisations-creatives-conteneurs-montreal","title":{"rendered":"Utilisations cr\u00e9atives de conteneurs maritimes \u00e0 Montr\u00e9al"},"content":{"rendered":"<h2>Projets cr\u00e9atifs avec conteneurs \u00e0 Montr\u00e9al : \u00e9v\u00e9nements, art et innovation<\/h2>\n<p data-start=\"304\" data-end=\"607\">Chez Conteneurs ATS, nos unit\u00e9s ne servent pas qu\u2019\u00e0 l\u2019entreposage. Depuis plusieurs ann\u00e9es, nos conteneurs maritimes sont au c\u0153ur de projets uniques et inspirants \u00e0 Montr\u00e9al : installations artistiques, \u00e9v\u00e9nements exclusifs, d\u00e9cors de cin\u00e9ma et collaborations avec des marques prestigieuses.<\/p>\n<hr>\n<h2>Grand Prix de Montr\u00e9al &amp; Lamborghini : conteneurs en vedette<\/h2>\n<p data-start=\"684\" data-end=\"1037\">Lors du week-end du <strong><a href=\"https:\/\/gpcanada.ca\/a-propos\/circuit-gilles-villeneuve\/\">Grand Prix de Formule 1<\/a><\/strong>, Lamborghini Montr\u00e9al a organis\u00e9 une soir\u00e9e VIP. Nos conteneurs, utilis\u00e9s sur place, ont fait partie de l\u2019ambiance exclusive, ajoutant une touche industrielle chic \u00e0 l\u2019\u00e9v\u00e9nement. Ce n\u2019\u00e9tait pas la premi\u00e8re fois : lors d\u2019un autre GP, nos unit\u00e9s ont m\u00eame servi de support d\u2019exposition pour Mercedes.<\/p>\n<hr>\n<h2>Bota Bota Spa : conteneurs au service du bien-\u00eatre<\/h2>\n<p data-start=\"1106\" data-end=\"1361\">Si vous avez visit\u00e9 le c\u00e9l\u00e8bre spa <strong><a href=\"https:\/\/botabota.ca\/\">Bota Bota<\/a><\/strong>, vous avez peut-\u00eatre relax\u00e9\u2026 dans un de nos conteneurs. Int\u00e9gr\u00e9s dans les installations ext\u00e9rieures, ils ont \u00e9t\u00e9 modifi\u00e9s pour cr\u00e9er une exp\u00e9rience unique, en harmonie avec le fleuve et le design du lieu.<\/p>\n<hr>\n<h2>Chantier du Pont Champlain : conteneurs sur mesure pour la construction<\/h2>\n<p data-start=\"1448\" data-end=\"1732\">Nos conteneurs sont aussi des outils essentiels pour les grands projets d\u2019infrastructure comme la r\u00e9fection du<strong><a href=\"https:\/\/www.pontsamueldechamplain.ca\/a-propos\/phases-des-travaux\/\"> Pont Champlain<\/a><\/strong>. Les \u00e9quipes ont utilis\u00e9 nos unit\u00e9s pour l\u2019entreposage s\u00e9curis\u00e9 et comme bureaux mobiles, une solution pratique et rapide \u00e0 d\u00e9ployer sur chantier.<\/p>\n<hr>\n<h2>Cin\u00e9ma &amp; t\u00e9l\u00e9vision : des conteneurs \u00e0 l\u2019\u00e9cran<\/h2>\n<p data-start=\"1794\" data-end=\"2005\">Nos conteneurs sont apparus dans des productions tourn\u00e9es \u00e0 Montr\u00e9al, comme X-Men et Day 6. Gr\u00e2ce \u00e0 leur look brut et polyvalent, ils sont parfaits pour cr\u00e9er des d\u00e9cors urbains ou industriels r\u00e9alistes.<\/p>\n<hr>\n<h2>PlayStation : un conteneur transform\u00e9 en stand immersif<\/h2>\n<p data-start=\"2076\" data-end=\"2338\">Pour le lancement d\u2019une console, <a href=\"https:\/\/www.playstation.com\/fr-ca\/\"><strong>PlayStation<\/strong><\/a> nous a confi\u00e9 la cr\u00e9ation d\u2019un stand personnalis\u00e9. R\u00e9sultat : un conteneur de 10 pieds compl\u00e8tement ouvert, transform\u00e9 avec \u00e9clairage, \u00e9lectricit\u00e9 et plateforme int\u00e9gr\u00e9e pour offrir une exp\u00e9rience interactive.<\/p>\n<hr>\n<h3>Conteneurs ATS : bien plus que du stockage<\/h3>\n<p data-start=\"2396\" data-end=\"2688\">Nos conteneurs maritimes modifi\u00e9s prennent vie dans des projets innovants. Que ce soit pour un \u00e9v\u00e9nement promotionnel, une installation artistique, ou un projet marketing exp\u00e9rientiel, nous avons les solutions pour faire de votre id\u00e9e une r\u00e9alit\u00e9.<\/p>\n<p data-start=\"2690\" data-end=\"2824\"><strong data-start=\"2693\" data-end=\"2761\"><a class=\"decorated-link cursor-pointer\" href=\"https:\/\/www.atscontainers.com\/fr\/contact\/montreal\/\" target=\"_new\" rel=\"noopener\" data-start=\"2695\" data-end=\"2759\">Contactez-nous<\/a><\/strong> pour discuter de votre prochain projet cr\u00e9atif avec conteneur.<\/p>\n","protected":false},"excerpt":{"rendered":"<p>Projets cr\u00e9atifs avec conteneurs \u00e0 Montr\u00e9al : \u00e9v\u00e9nements, art et innovation Chez Conteneurs ATS, nos unit\u00e9s ne servent pas qu\u2019\u00e0 l\u2019entreposage. Depuis plusieurs ann\u00e9es, nos conteneurs maritimes sont au c\u0153ur de projets uniques et inspirants \u00e0 Montr\u00e9al : installations artistiques, \u00e9v\u00e9nements exclusifs, d\u00e9cors de cin\u00e9ma et collaborations avec des marques prestigieuses. Grand Prix de Montr\u00e9al [&hellip;]<\/p>\n","protected":false},"author":14,"featured_media":23042,"comment_status":"closed","ping_status":"closed","sticky":false,"template":"","format":"standard","meta":{"_acf_changed":false,"ngg_post_thumbnail":0,"footnotes":""},"categories":[20],"tags":[],"class_list":["post-9331","post","type-post","status-publish","format-standard","has-post-thumbnail","hentry","category-non-classifiee"],"acf":[],"yoast_head":"<!-- This site is optimized with the Yoast SEO plugin v26.9 - https:\/\/yoast.com\/product\/yoast-seo-wordpress\/ -->\n<title>Projets cr\u00e9atifs avec conteneurs \u00e0 Montr\u00e9al | Conteneurs ATS<\/title>\n<meta name=\"description\" content=\"D\u00e9couvrez comment les conteneurs ATS sont utilis\u00e9s \u00e0 Montr\u00e9al pour des \u00e9v\u00e9nements cr\u00e9atives. Des projets uniques, partout au Qu\u00e9bec.\" \/>\n<meta name=\"robots\" content=\"index, follow, max-snippet:-1, max-image-preview:large, max-video-preview:-1\" \/>\n<link rel=\"canonical\" href=\"https:\/\/www.atscontainers.com\/fr\/utilisations-creatives-conteneurs-montreal\/\" \/>\n<meta property=\"og:locale\" content=\"fr_CA\" \/>\n<meta property=\"og:type\" content=\"article\" \/>\n<meta property=\"og:title\" content=\"Projets cr\u00e9atifs avec conteneurs \u00e0 Montr\u00e9al | Conteneurs ATS\" \/>\n<meta property=\"og:description\" content=\"D\u00e9couvrez comment les conteneurs ATS sont utilis\u00e9s \u00e0 Montr\u00e9al pour des \u00e9v\u00e9nements cr\u00e9atives. Des projets uniques, partout au Qu\u00e9bec.\" \/>\n<meta property=\"og:url\" content=\"https:\/\/www.atscontainers.com\/fr\/utilisations-creatives-conteneurs-montreal\" \/>\n<meta property=\"og:site_name\" content=\"ATS Containers\" \/>\n<meta property=\"article:publisher\" content=\"https:\/\/www.facebook.com\/atscontainers\/\" \/>\n<meta property=\"article:published_time\" content=\"2022-09-06T09:17:17+00:00\" \/>\n<meta property=\"article:modified_time\" content=\"2026-04-30T16:38:20+00:00\" \/>\n<meta property=\"og:image\" content=\"https:\/\/www.atscontainers.com\/wp-content\/uploads\/2025\/05\/evenements-creatifs-montreal-conteneurs.webp\" \/>\n\t<meta property=\"og:image:width\" content=\"900\" \/>\n\t<meta property=\"og:image:height\" content=\"600\" \/>\n\t<meta property=\"og:image:type\" content=\"image\/webp\" \/>\n<meta name=\"author\" content=\"Maxime T\" \/>\n<meta name=\"twitter:card\" content=\"summary_large_image\" \/>\n<meta name=\"twitter:creator\" content=\"@atscontainers\" \/>\n<meta name=\"twitter:site\" content=\"@atscontainers\" \/>\n<meta name=\"twitter:label1\" content=\"\u00c9crit par\" \/>\n\t<meta name=\"twitter:data1\" content=\"Maxime T\" \/>\n\t<meta name=\"twitter:label2\" content=\"Estimation du temps de lecture\" \/>\n\t<meta name=\"twitter:data2\" content=\"2 minutes\" \/>\n<script type=\"application\/ld+json\" class=\"yoast-schema-graph\">{\"@context\":\"https:\/\/schema.org\",\"@graph\":[{\"@type\":\"Article\",\"@id\":\"https:\/\/www.atscontainers.com\/fr\/utilisations-creatives-conteneurs-montreal#article\",\"isPartOf\":{\"@id\":\"https:\/\/www.atscontainers.com\/fr\/utilisations-creatives-conteneurs-montreal\"},\"author\":{\"name\":\"Maxime T\",\"@id\":\"https:\/\/www.atscontainers.com\/fr\/#\/schema\/person\/1875d88b2bd231ce9754159a73b75770\"},\"headline\":\"Utilisations cr\u00e9atives de conteneurs maritimes \u00e0 Montr\u00e9al\",\"datePublished\":\"2022-09-06T09:17:17+00:00\",\"dateModified\":\"2026-04-30T16:38:20+00:00\",\"mainEntityOfPage\":{\"@id\":\"https:\/\/www.atscontainers.com\/fr\/utilisations-creatives-conteneurs-montreal\"},\"wordCount\":408,\"publisher\":{\"@id\":\"https:\/\/www.atscontainers.com\/fr\/#organization\"},\"image\":{\"@id\":\"https:\/\/www.atscontainers.com\/fr\/utilisations-creatives-conteneurs-montreal#primaryimage\"},\"thumbnailUrl\":\"https:\/\/www.atscontainers.com\/wp-content\/uploads\/2025\/05\/evenements-creatifs-montreal-conteneurs.webp\",\"articleSection\":[\"Non classifi\u00e9(e)\"],\"inLanguage\":\"fr-CA\"},{\"@type\":\"WebPage\",\"@id\":\"https:\/\/www.atscontainers.com\/fr\/utilisations-creatives-conteneurs-montreal\",\"url\":\"https:\/\/www.atscontainers.com\/fr\/utilisations-creatives-conteneurs-montreal\",\"name\":\"Projets cr\u00e9atifs avec conteneurs \u00e0 Montr\u00e9al | Conteneurs ATS\",\"isPartOf\":{\"@id\":\"https:\/\/www.atscontainers.com\/fr\/#website\"},\"primaryImageOfPage\":{\"@id\":\"https:\/\/www.atscontainers.com\/fr\/utilisations-creatives-conteneurs-montreal#primaryimage\"},\"image\":{\"@id\":\"https:\/\/www.atscontainers.com\/fr\/utilisations-creatives-conteneurs-montreal#primaryimage\"},\"thumbnailUrl\":\"https:\/\/www.atscontainers.com\/wp-content\/uploads\/2025\/05\/evenements-creatifs-montreal-conteneurs.webp\",\"datePublished\":\"2022-09-06T09:17:17+00:00\",\"dateModified\":\"2026-04-30T16:38:20+00:00\",\"description\":\"D\u00e9couvrez comment les conteneurs ATS sont utilis\u00e9s \u00e0 Montr\u00e9al pour des \u00e9v\u00e9nements cr\u00e9atives. Des projets uniques, partout au Qu\u00e9bec.\",\"breadcrumb\":{\"@id\":\"https:\/\/www.atscontainers.com\/fr\/utilisations-creatives-conteneurs-montreal#breadcrumb\"},\"inLanguage\":\"fr-CA\",\"potentialAction\":[{\"@type\":\"ReadAction\",\"target\":[\"https:\/\/www.atscontainers.com\/fr\/utilisations-creatives-conteneurs-montreal\"]}]},{\"@type\":\"ImageObject\",\"inLanguage\":\"fr-CA\",\"@id\":\"https:\/\/www.atscontainers.com\/fr\/utilisations-creatives-conteneurs-montreal#primaryimage\",\"url\":\"https:\/\/www.atscontainers.com\/wp-content\/uploads\/2025\/05\/evenements-creatifs-montreal-conteneurs.webp\",\"contentUrl\":\"https:\/\/www.atscontainers.com\/wp-content\/uploads\/2025\/05\/evenements-creatifs-montreal-conteneurs.webp\",\"width\":900,\"height\":600,\"caption\":\"Conteneurs maritimes noirs au Grand Prix F1 de Montr\u00e9al pour structures \u00e9v\u00e9nementielles.\"},{\"@type\":\"BreadcrumbList\",\"@id\":\"https:\/\/www.atscontainers.com\/fr\/utilisations-creatives-conteneurs-montreal#breadcrumb\",\"itemListElement\":[{\"@type\":\"ListItem\",\"position\":1,\"name\":\"Home\",\"item\":\"https:\/\/www.atscontainers.com\/fr\/\"},{\"@type\":\"ListItem\",\"position\":2,\"name\":\"Utilisations cr\u00e9atives de conteneurs maritimes \u00e0 Montr\u00e9al\"}]},{\"@type\":\"WebSite\",\"@id\":\"https:\/\/www.atscontainers.com\/fr\/#website\",\"url\":\"https:\/\/www.atscontainers.com\/fr\/\",\"name\":\"ATS Containers\",\"description\":\"\",\"publisher\":{\"@id\":\"https:\/\/www.atscontainers.com\/fr\/#organization\"},\"potentialAction\":[{\"@type\":\"SearchAction\",\"target\":{\"@type\":\"EntryPoint\",\"urlTemplate\":\"https:\/\/www.atscontainers.com\/fr\/?s={search_term_string}\"},\"query-input\":{\"@type\":\"PropertyValueSpecification\",\"valueRequired\":true,\"valueName\":\"search_term_string\"}}],\"inLanguage\":\"fr-CA\"},{\"@type\":\"Organization\",\"@id\":\"https:\/\/www.atscontainers.com\/fr\/#organization\",\"name\":\"ATS Containers\",\"url\":\"https:\/\/www.atscontainers.com\/fr\/\",\"logo\":{\"@type\":\"ImageObject\",\"inLanguage\":\"fr-CA\",\"@id\":\"https:\/\/www.atscontainers.com\/fr\/#\/schema\/logo\/image\/\",\"url\":\"https:\/\/www.atscontainers.com\/wp-content\/uploads\/2018\/09\/ats-containers-canada_.png\",\"contentUrl\":\"https:\/\/www.atscontainers.com\/wp-content\/uploads\/2018\/09\/ats-containers-canada_.png\",\"width\":500,\"height\":500,\"caption\":\"ATS Containers\"},\"image\":{\"@id\":\"https:\/\/www.atscontainers.com\/fr\/#\/schema\/logo\/image\/\"},\"sameAs\":[\"https:\/\/www.facebook.com\/atscontainers\/\",\"https:\/\/x.com\/atscontainers\",\"https:\/\/www.instagram.com\/atscontainers\/\",\"https:\/\/www.linkedin.com\/company\/ats-container-services\/\"]},{\"@type\":\"Person\",\"@id\":\"https:\/\/www.atscontainers.com\/fr\/#\/schema\/person\/1875d88b2bd231ce9754159a73b75770\",\"name\":\"Maxime T\",\"image\":{\"@type\":\"ImageObject\",\"inLanguage\":\"fr-CA\",\"@id\":\"https:\/\/www.atscontainers.com\/fr\/#\/schema\/person\/image\/\",\"url\":\"https:\/\/secure.gravatar.com\/avatar\/ad2b93497f48aa6cf1d66f8109e37eaa52aea1b7a026eb09c793bc83f7b0915e?s=96&d=mm&r=g\",\"contentUrl\":\"https:\/\/secure.gravatar.com\/avatar\/ad2b93497f48aa6cf1d66f8109e37eaa52aea1b7a026eb09c793bc83f7b0915e?s=96&d=mm&r=g\",\"caption\":\"Maxime T\"}}]}<\/script>\n<!-- \/ Yoast SEO plugin. -->","yoast_head_json":{"title":"Projets cr\u00e9atifs avec conteneurs \u00e0 Montr\u00e9al | Conteneurs ATS","description":"D\u00e9couvrez comment les conteneurs ATS sont utilis\u00e9s \u00e0 Montr\u00e9al pour des \u00e9v\u00e9nements cr\u00e9atives. Des projets uniques, partout au Qu\u00e9bec.","robots":{"index":"index","follow":"follow","max-snippet":"max-snippet:-1","max-image-preview":"max-image-preview:large","max-video-preview":"max-video-preview:-1"},"canonical":"https:\/\/www.atscontainers.com\/fr\/utilisations-creatives-conteneurs-montreal\/","og_locale":"fr_CA","og_type":"article","og_title":"Projets cr\u00e9atifs avec conteneurs \u00e0 Montr\u00e9al | Conteneurs ATS","og_description":"D\u00e9couvrez comment les conteneurs ATS sont utilis\u00e9s \u00e0 Montr\u00e9al pour des \u00e9v\u00e9nements cr\u00e9atives. Des projets uniques, partout au Qu\u00e9bec.","og_url":"https:\/\/www.atscontainers.com\/fr\/utilisations-creatives-conteneurs-montreal","og_site_name":"ATS Containers","article_publisher":"https:\/\/www.facebook.com\/atscontainers\/","article_published_time":"2022-09-06T09:17:17+00:00","article_modified_time":"2026-04-30T16:38:20+00:00","og_image":[{"width":900,"height":600,"url":"https:\/\/www.atscontainers.com\/wp-content\/uploads\/2025\/05\/evenements-creatifs-montreal-conteneurs.webp","type":"image\/webp"}],"author":"Maxime T","twitter_card":"summary_large_image","twitter_creator":"@atscontainers","twitter_site":"@atscontainers","twitter_misc":{"\u00c9crit par":"Maxime T","Estimation du temps de lecture":"2 minutes"},"schema":{"@context":"https:\/\/schema.org","@graph":[{"@type":"Article","@id":"https:\/\/www.atscontainers.com\/fr\/utilisations-creatives-conteneurs-montreal#article","isPartOf":{"@id":"https:\/\/www.atscontainers.com\/fr\/utilisations-creatives-conteneurs-montreal"},"author":{"name":"Maxime T","@id":"https:\/\/www.atscontainers.com\/fr\/#\/schema\/person\/1875d88b2bd231ce9754159a73b75770"},"headline":"Utilisations cr\u00e9atives de conteneurs maritimes \u00e0 Montr\u00e9al","datePublished":"2022-09-06T09:17:17+00:00","dateModified":"2026-04-30T16:38:20+00:00","mainEntityOfPage":{"@id":"https:\/\/www.atscontainers.com\/fr\/utilisations-creatives-conteneurs-montreal"},"wordCount":408,"publisher":{"@id":"https:\/\/www.atscontainers.com\/fr\/#organization"},"image":{"@id":"https:\/\/www.atscontainers.com\/fr\/utilisations-creatives-conteneurs-montreal#primaryimage"},"thumbnailUrl":"https:\/\/www.atscontainers.com\/wp-content\/uploads\/2025\/05\/evenements-creatifs-montreal-conteneurs.webp","articleSection":["Non classifi\u00e9(e)"],"inLanguage":"fr-CA"},{"@type":"WebPage","@id":"https:\/\/www.atscontainers.com\/fr\/utilisations-creatives-conteneurs-montreal","url":"https:\/\/www.atscontainers.com\/fr\/utilisations-creatives-conteneurs-montreal","name":"Projets cr\u00e9atifs avec conteneurs \u00e0 Montr\u00e9al | Conteneurs ATS","isPartOf":{"@id":"https:\/\/www.atscontainers.com\/fr\/#website"},"primaryImageOfPage":{"@id":"https:\/\/www.atscontainers.com\/fr\/utilisations-creatives-conteneurs-montreal#primaryimage"},"image":{"@id":"https:\/\/www.atscontainers.com\/fr\/utilisations-creatives-conteneurs-montreal#primaryimage"},"thumbnailUrl":"https:\/\/www.atscontainers.com\/wp-content\/uploads\/2025\/05\/evenements-creatifs-montreal-conteneurs.webp","datePublished":"2022-09-06T09:17:17+00:00","dateModified":"2026-04-30T16:38:20+00:00","description":"D\u00e9couvrez comment les conteneurs ATS sont utilis\u00e9s \u00e0 Montr\u00e9al pour des \u00e9v\u00e9nements cr\u00e9atives. Des projets uniques, partout au Qu\u00e9bec.","breadcrumb":{"@id":"https:\/\/www.atscontainers.com\/fr\/utilisations-creatives-conteneurs-montreal#breadcrumb"},"inLanguage":"fr-CA","potentialAction":[{"@type":"ReadAction","target":["https:\/\/www.atscontainers.com\/fr\/utilisations-creatives-conteneurs-montreal"]}]},{"@type":"ImageObject","inLanguage":"fr-CA","@id":"https:\/\/www.atscontainers.com\/fr\/utilisations-creatives-conteneurs-montreal#primaryimage","url":"https:\/\/www.atscontainers.com\/wp-content\/uploads\/2025\/05\/evenements-creatifs-montreal-conteneurs.webp","contentUrl":"https:\/\/www.atscontainers.com\/wp-content\/uploads\/2025\/05\/evenements-creatifs-montreal-conteneurs.webp","width":900,"height":600,"caption":"Conteneurs maritimes noirs au Grand Prix F1 de Montr\u00e9al pour structures \u00e9v\u00e9nementielles."},{"@type":"BreadcrumbList","@id":"https:\/\/www.atscontainers.com\/fr\/utilisations-creatives-conteneurs-montreal#breadcrumb","itemListElement":[{"@type":"ListItem","position":1,"name":"Home","item":"https:\/\/www.atscontainers.com\/fr\/"},{"@type":"ListItem","position":2,"name":"Utilisations cr\u00e9atives de conteneurs maritimes \u00e0 Montr\u00e9al"}]},{"@type":"WebSite","@id":"https:\/\/www.atscontainers.com\/fr\/#website","url":"https:\/\/www.atscontainers.com\/fr\/","name":"ATS Containers","description":"","publisher":{"@id":"https:\/\/www.atscontainers.com\/fr\/#organization"},"potentialAction":[{"@type":"SearchAction","target":{"@type":"EntryPoint","urlTemplate":"https:\/\/www.atscontainers.com\/fr\/?s={search_term_string}"},"query-input":{"@type":"PropertyValueSpecification","valueRequired":true,"valueName":"search_term_string"}}],"inLanguage":"fr-CA"},{"@type":"Organization","@id":"https:\/\/www.atscontainers.com\/fr\/#organization","name":"ATS Containers","url":"https:\/\/www.atscontainers.com\/fr\/","logo":{"@type":"ImageObject","inLanguage":"fr-CA","@id":"https:\/\/www.atscontainers.com\/fr\/#\/schema\/logo\/image\/","url":"https:\/\/www.atscontainers.com\/wp-content\/uploads\/2018\/09\/ats-containers-canada_.png","contentUrl":"https:\/\/www.atscontainers.com\/wp-content\/uploads\/2018\/09\/ats-containers-canada_.png","width":500,"height":500,"caption":"ATS Containers"},"image":{"@id":"https:\/\/www.atscontainers.com\/fr\/#\/schema\/logo\/image\/"},"sameAs":["https:\/\/www.facebook.com\/atscontainers\/","https:\/\/x.com\/atscontainers","https:\/\/www.instagram.com\/atscontainers\/","https:\/\/www.linkedin.com\/company\/ats-container-services\/"]},{"@type":"Person","@id":"https:\/\/www.atscontainers.com\/fr\/#\/schema\/person\/1875d88b2bd231ce9754159a73b75770","name":"Maxime T","image":{"@type":"ImageObject","inLanguage":"fr-CA","@id":"https:\/\/www.atscontainers.com\/fr\/#\/schema\/person\/image\/","url":"https:\/\/secure.gravatar.com\/avatar\/ad2b93497f48aa6cf1d66f8109e37eaa52aea1b7a026eb09c793bc83f7b0915e?s=96&d=mm&r=g","contentUrl":"https:\/\/secure.gravatar.com\/avatar\/ad2b93497f48aa6cf1d66f8109e37eaa52aea1b7a026eb09c793bc83f7b0915e?s=96&d=mm&r=g","caption":"Maxime T"}}]}},"_links":{"self":[{"href":"https:\/\/www.atscontainers.com\/fr\/wp-json\/wp\/v2\/posts\/9331","targetHints":{"allow":["GET"]}}],"collection":[{"href":"https:\/\/www.atscontainers.com\/fr\/wp-json\/wp\/v2\/posts"}],"about":[{"href":"https:\/\/www.atscontainers.com\/fr\/wp-json\/wp\/v2\/types\/post"}],"author":[{"embeddable":true,"href":"https:\/\/www.atscontainers.com\/fr\/wp-json\/wp\/v2\/users\/14"}],"replies":[{"embeddable":true,"href":"https:\/\/www.atscontainers.com\/fr\/wp-json\/wp\/v2\/comments?post=9331"}],"version-history":[{"count":7,"href":"https:\/\/www.atscontainers.com\/fr\/wp-json\/wp\/v2\/posts\/9331\/revisions"}],"predecessor-version":[{"id":23419,"href":"https:\/\/www.atscontainers.com\/fr\/wp-json\/wp\/v2\/posts\/9331\/revisions\/23419"}],"wp:featuredmedia":[{"embeddable":true,"href":"https:\/\/www.atscontainers.com\/fr\/wp-json\/wp\/v2\/media\/23042"}],"wp:attachment":[{"href":"https:\/\/www.atscontainers.com\/fr\/wp-json\/wp\/v2\/media?parent=9331"}],"wp:term":[{"taxonomy":"category","embeddable":true,"href":"https:\/\/www.atscontainers.com\/fr\/wp-json\/wp\/v2\/categories?post=9331"},{"taxonomy":"post_tag","embeddable":true,"href":"https:\/\/www.atscontainers.com\/fr\/wp-json\/wp\/v2\/tags?post=9331"}],"curies":[{"name":"wp","href":"https:\/\/api.w.org\/{rel}","templated":true}]}}